{"id":70565,"date":"2026-05-09T13:19:37","date_gmt":"2026-05-09T18:19:37","guid":{"rendered":"https:\/\/freewalkingtoursperu.com\/?p=70565"},"modified":"2026-07-19T23:16:30","modified_gmt":"2026-07-20T04:16:30","slug":"a-fundacao-de-lima-historia-eventos-peru","status":"publish","type":"post","link":"https:\/\/freewalkingtoursperu.com\/pt-br\/blog\/a-fundacao-de-lima-historia-eventos-peru\/","title":{"rendered":"Quem fundou Lima e por que ela foi t\u00e3o importante?"},"content":{"rendered":"\n<figure class=\"wp-block-image size-full\"><img loading=\"lazy\" decoding=\"async\" width=\"788\" height=\"489\" src=\"https:\/\/freewalkingtoursperu.com\/wp-content\/uploads\/2026\/05\/Quien_fundo_Lima_y_por_que_fue_tan_importante_10.webp\" alt=\"\u00bfQuien fund\u00f3 Lima y por qu\u00e9 fue tan importante?\" class=\"wp-image-70484\" srcset=\"https:\/\/freewalkingtoursperu.com\/wp-content\/uploads\/2026\/05\/Quien_fundo_Lima_y_por_que_fue_tan_importante_10.webp 788w, https:\/\/freewalkingtoursperu.com\/wp-content\/uploads\/2026\/05\/Quien_fundo_Lima_y_por_que_fue_tan_importante_10-300x186.webp 300w, https:\/\/freewalkingtoursperu.com\/wp-content\/uploads\/2026\/05\/Quien_fundo_Lima_y_por_que_fue_tan_importante_10-150x93.webp 150w, https:\/\/freewalkingtoursperu.com\/wp-content\/uploads\/2026\/05\/Quien_fundo_Lima_y_por_que_fue_tan_importante_10-768x477.webp 768w\" sizes=\"auto, (max-width: 788px) 100vw, 788px\" \/><\/figure>\n\n\n\n<p><strong>Lima<\/strong> n\u00e3o \u00e9 apenas a capital do <a href=\"https:\/\/freewalkingtoursperu.com\/pt-br\/\" target=\"_blank\" rel=\"noreferrer noopener\">Peru<\/a>; \u00e9 uma cidade onde cada rua sussurra hist\u00f3rias que te transportam aos primeiros dias da era colonial. Enquanto voc\u00ea caminha por suas pra\u00e7as e percorre suas ruas, \u00e9 inevit\u00e1vel se perguntar: quem esteve por tr\u00e1s de <strong>sua funda\u00e7\u00e3o<\/strong> e por que esse acontecimento mudou para sempre o rumo da <strong>Am\u00e9rica do Sul<\/strong>?<\/p>\n\n\n\n<p>Neste artigo, convidamos voc\u00ea a viajar no tempo para descobrir como nasceu a antiga <strong>\u201cCidade dos Reis\u201d<\/strong>, quem foi o protagonista desse momento t\u00e3o importante e como sua cria\u00e7\u00e3o transformou Lima em uma das cidades mais influentes do continente. Uma hist\u00f3ria que n\u00e3o apenas se conta\u2026 mas se vive em cada canto da cidade, e que explica por que Lima continua encantando quem a visita hoje.<\/p>\n\n\n\n<h2 class=\"wp-block-heading\">Quem fundou Lima?<\/h2>\n\n\n\n<p>Para descobrir essa hist\u00f3ria, \u00e9 preciso voltar ao momento em que os espanh\u00f3is chegaram pela primeira vez \u00e0 <strong>Am\u00e9rica<\/strong>. Da cidade do Panam\u00e1, em <strong>1531<\/strong>, partiram as <strong>primeiras expedi\u00e7\u00f5es<\/strong> rumo ao territ\u00f3rio do <strong>Peru<\/strong>, impulsionadas pela ambi\u00e7\u00e3o e pelo desejo de explorar o desconhecido. Foi durante a terceira expedi\u00e7\u00e3o, liderada por <strong>Francisco Pizarro<\/strong>, que os espanh\u00f3is desembarcaram nas costas de Tumbes e iniciaram sua jornada rumo ao interior, at\u00e9 chegar a Cajamarca. Ali aconteceu um dos epis\u00f3dios mais decisivos da hist\u00f3ria: a captura do <strong>\u00faltimo governante inca, Atahualpa<\/strong>.<\/p>\n\n\n\n<p>Esse acontecimento, em <strong>1532<\/strong>, marcou a chegada oficial dos espanh\u00f3is ao territ\u00f3rio inca e deu in\u00edcio a uma s\u00e9rie de confrontos que mudariam o destino do continente. No entanto, o poderoso <strong>Tahuantinsuyo<\/strong> j\u00e1 atravessava um momento de grande fragilidade. Uma guerra civil entre os irm\u00e3os Hu\u00e1scar e Atahualpa havia enfraquecido profundamente o <a href=\"https:\/\/freewalkingtoursperu.com\/pt-br\/blog\/ollantaytambo-cidade-inca-viva\/\" target=\"_blank\" rel=\"noreferrer noopener\">Imp\u00e9rio Inca<\/a>, deixando suas bases vulner\u00e1veis.<\/p>\n\n\n\n<p>Em meio a esse cen\u00e1rio, Francisco Pizarro soube aproveitar a situa\u00e7\u00e3o. Com o apoio de seus homens, sua vantagem em armamentos e o impacto de <strong>doen\u00e7as desconhecidas na Am\u00e9rica<\/strong>, conseguiu se impor sobre a civiliza\u00e7\u00e3o inca. Assim come\u00e7ava uma nova etapa: a <strong>era colonial<\/strong>. Pouco depois, em 18 de janeiro de 1535, seria fundada a cidade de Lima sob o nome de \u201cCidade dos Reis\u201d. Hoje, ao percorrer suas ruas, voc\u00ea pode sentir como esse passado continua vivo em cada canto da cidade.<\/p>\n\n\n\n<h3 class=\"wp-block-heading\">Francisco Pizarro e a conquista do Peru<\/h3>\n\n\n\n<figure class=\"wp-block-image size-full\"><img loading=\"lazy\" decoding=\"async\" width=\"788\" height=\"489\" src=\"https:\/\/freewalkingtoursperu.com\/wp-content\/uploads\/2026\/05\/Quien_fundo_Lima_y_por_que_fue_tan_importante_11.webp\" alt=\"\u00bfQuien fund\u00f3 Lima y por qu\u00e9 fue tan importante?\" class=\"wp-image-70488\" srcset=\"https:\/\/freewalkingtoursperu.com\/wp-content\/uploads\/2026\/05\/Quien_fundo_Lima_y_por_que_fue_tan_importante_11.webp 788w, https:\/\/freewalkingtoursperu.com\/wp-content\/uploads\/2026\/05\/Quien_fundo_Lima_y_por_que_fue_tan_importante_11-300x186.webp 300w, https:\/\/freewalkingtoursperu.com\/wp-content\/uploads\/2026\/05\/Quien_fundo_Lima_y_por_que_fue_tan_importante_11-150x93.webp 150w, https:\/\/freewalkingtoursperu.com\/wp-content\/uploads\/2026\/05\/Quien_fundo_Lima_y_por_que_fue_tan_importante_11-768x477.webp 768w\" sizes=\"auto, (max-width: 788px) 100vw, 788px\" \/><\/figure>\n\n\n\n<p><strong>Francisco Pizarro<\/strong>, nascido em <strong>16 de mar\u00e7o de 1478<\/strong>, foi uma figura-chave na <strong>queda do Tahuantinsuyo<\/strong> entre 1532 e 1533. Esse processo foi resultado de v\u00e1rios anos de explora\u00e7\u00f5es, tentativas fracassadas e alian\u00e7as estrat\u00e9gicas.<\/p>\n\n\n\n<p>Ap\u00f3s a conquista do M\u00e9xico, come\u00e7aram a circular not\u00edcias sobre um territ\u00f3rio rico ao sul, conhecido como <strong><em>\u201cBir\u00fa\u201d<\/em><\/strong>. Em 1524, Pizarro se associou a <strong>Diego de Almagro<\/strong> e ao sacerdote <strong>Hernando de Luque<\/strong> para organizar a chamada <strong>\u201cEmpresa do Levante\u201d<\/strong>. Pizarro assumiu o comando da expedi\u00e7\u00e3o, Almagro ficou encarregado de recrutar homens e reunir provis\u00f5es, e Luque contribuiu com o financiamento.<\/p>\n\n\n\n<p>Depois de duas expedi\u00e7\u00f5es sem resultados, em 1532, durante a terceira tentativa, os espanh\u00f3is chegaram ao atual territ\u00f3rio peruano. O contexto favoreceu seu avan\u00e7o. O imp\u00e9rio inca estava enfraquecido pela <strong>guerra civil entre Atahualpa e Hu\u00e1scar<\/strong>. A captura de Atahualpa em Cajamarca permitiu que os espanh\u00f3is consolidassem sua posi\u00e7\u00e3o.<\/p>\n\n\n\n<p>A partir desse momento, o dom\u00ednio espanhol se expandiu rapidamente. Em 1535, Pizarro fundou a cidade de Lima, conhecida inicialmente como \u201cCidade dos Reis\u201d, que se tornaria o principal centro pol\u00edtico do territ\u00f3rio. A resist\u00eancia inca continuou em regi\u00f5es afastadas. O <strong>Reino de Vilcabamba<\/strong> permaneceu ativo por quase 40 anos, at\u00e9 <strong>sua queda em 1572<\/strong>. Com esse acontecimento, o controle espanhol foi consolidado e o <strong>Vice-Reino do Peru<\/strong> ficou plenamente estabelecido.<\/p>\n\n\n\n<h3 class=\"wp-block-heading\">O nome original: Cidade dos Reis<\/h3>\n\n\n\n<figure class=\"wp-block-image size-full\"><img loading=\"lazy\" decoding=\"async\" width=\"788\" height=\"489\" src=\"https:\/\/freewalkingtoursperu.com\/wp-content\/uploads\/2026\/05\/Quien_fundo_Lima_y_por_que_fue_tan_importante_9.webp\" alt=\"\u00bfQuien fund\u00f3 Lima y por qu\u00e9 fue tan importante?\" class=\"wp-image-70480\" srcset=\"https:\/\/freewalkingtoursperu.com\/wp-content\/uploads\/2026\/05\/Quien_fundo_Lima_y_por_que_fue_tan_importante_9.webp 788w, https:\/\/freewalkingtoursperu.com\/wp-content\/uploads\/2026\/05\/Quien_fundo_Lima_y_por_que_fue_tan_importante_9-300x186.webp 300w, https:\/\/freewalkingtoursperu.com\/wp-content\/uploads\/2026\/05\/Quien_fundo_Lima_y_por_que_fue_tan_importante_9-150x93.webp 150w, https:\/\/freewalkingtoursperu.com\/wp-content\/uploads\/2026\/05\/Quien_fundo_Lima_y_por_que_fue_tan_importante_9-768x477.webp 768w\" sizes=\"auto, (max-width: 788px) 100vw, 788px\" \/><\/figure>\n\n\n\n<p>Ap\u00f3s os acontecimentos ocorridos entre 1532 e 1533, iniciou-se o processo que daria origem \u00e0 cidade de Lima, fundada em <strong>18 de janeiro de 1535<\/strong>. Esse momento n\u00e3o marcou apenas o come\u00e7o da era colonial, mas tamb\u00e9m o nascimento de um nome carregado de simbolismo: a \u201cCidade dos Reis\u201d.<\/p>\n\n\n\n<p>Esse t\u00edtulo foi atribu\u00eddo, em grande parte, por sua proximidade com <strong>a festividade dos Reis Magos<\/strong> (6 de janeiro), coincid\u00eancia que refor\u00e7ou seu significado religioso. Al\u00e9m disso, o nome refletia a <strong>import\u00e2ncia pol\u00edtica<\/strong> da cidade como capital do Vice-Reino, em homenagem aos monarcas espanh\u00f3is <strong>Carlos I da Espanha e Juana I do Castilla<\/strong>.<\/p>\n\n\n\n<p>Esse simbolismo tamb\u00e9m ficou registrado em seu <strong>bras\u00e3o de armas<\/strong>, onde se destacam a <strong>estrela de Bel\u00e9m e tr\u00eas coroas<\/strong>, em clara refer\u00eancia aos Reis Magos. Com o passar do tempo, o nome \u201cCidade dos Reis\u201d <strong>foi caindo em desuso<\/strong> e acabou sendo substitu\u00eddo por \u201c<a href=\"https:\/\/freewalkingtoursperu.com\/pt-br\/tours-lima\/\" target=\"_blank\" rel=\"noreferrer noopener\">Lima<\/a>\u201d, termo que deriva da palavra \u201cR\u00edmac\u201d, em refer\u00eancia ao rio que atravessa a cidade.<\/p>\n\n\n\n<h2 class=\"wp-block-heading\">A import\u00e2ncia da funda\u00e7\u00e3o de Lima<\/h2>\n\n\n\n<p>Ap\u00f3s a funda\u00e7\u00e3o da \u201cCidade dos Reis\u201d em 1535, Lima come\u00e7ou a se consolidar como o <strong>principal centro pol\u00edtico<\/strong> do territ\u00f3rio. Anos depois, em 1542, com a cria\u00e7\u00e3o do Vice-Reino do Peru, a cidade assumiu oficialmente o <strong>papel de capital<\/strong>.<\/p>\n\n\n\n<p>A escolha do local respondeu a <strong>crit\u00e9rios estrat\u00e9gicos<\/strong>. Em um primeiro momento, <strong>Jauja<\/strong> foi considerada como sede do poder. No entanto, sua altitude e a dist\u00e2ncia em rela\u00e7\u00e3o ao mar dificultavam a comunica\u00e7\u00e3o e o abastecimento.<\/p>\n\n\n\n<p>Diante dessas limita\u00e7\u00f5es, os espanh\u00f3is optaram pelo <strong>vale do R\u00edmac<\/strong>. Essa regi\u00e3o oferecia acesso permanente \u00e0 \u00e1gua, um clima mais est\u00e1vel e proximidade com o litoral. Al\u00e9m disso, permitia uma conex\u00e3o direta com o <a href=\"https:\/\/freewalkingtoursperu.com\/pt-br\/blog\/como-ir-de-puerto-callao-a-lima-de-callao-a-miraflores-ou-barranco\/\" target=\"_blank\" rel=\"noreferrer noopener\">porto de Callao<\/a>, ponto-chave para o <strong>com\u00e9rcio com a Espanha<\/strong>. A partir dessa decis\u00e3o, foi tra\u00e7ado o n\u00facleo urbano que hoje corresponde ao centro hist\u00f3rico. Dali foram organizadas as fun\u00e7\u00f5es administrativas, religiosas e econ\u00f4micas do vice-reino, consolidando Lima como <strong>eixo do poder colonial na Am\u00e9rica do Sul<\/strong>.<\/p>\n\n\n\n<h3 class=\"wp-block-heading\">Centro pol\u00edtico do Vice-Reino do Peru<\/h3>\n\n\n\n<figure class=\"wp-block-image size-full\"><img loading=\"lazy\" decoding=\"async\" width=\"788\" height=\"489\" src=\"https:\/\/freewalkingtoursperu.com\/wp-content\/uploads\/2026\/05\/Quien_fundo_Lima_y_por_que_fue_tan_importante_8.webp\" alt=\"\u00bfQuien fund\u00f3 Lima y por qu\u00e9 fue tan importante?\" class=\"wp-image-70476\" srcset=\"https:\/\/freewalkingtoursperu.com\/wp-content\/uploads\/2026\/05\/Quien_fundo_Lima_y_por_que_fue_tan_importante_8.webp 788w, https:\/\/freewalkingtoursperu.com\/wp-content\/uploads\/2026\/05\/Quien_fundo_Lima_y_por_que_fue_tan_importante_8-300x186.webp 300w, https:\/\/freewalkingtoursperu.com\/wp-content\/uploads\/2026\/05\/Quien_fundo_Lima_y_por_que_fue_tan_importante_8-150x93.webp 150w, https:\/\/freewalkingtoursperu.com\/wp-content\/uploads\/2026\/05\/Quien_fundo_Lima_y_por_que_fue_tan_importante_8-768x477.webp 768w\" sizes=\"auto, (max-width: 788px) 100vw, 788px\" \/><\/figure>\n\n\n\n<p>Desde sua funda\u00e7\u00e3o em 1535, Lima foi se configurando como o principal centro de controle do territ\u00f3rio. Em 1542, com a cria\u00e7\u00e3o do Vice-Reino do Peru por <strong>Carlos I da Espanha<\/strong>, a cidade foi estabelecida como sua capital.<\/p>\n\n\n\n<p>A autoridade do monarca na Am\u00e9rica era exercida por meio dos <strong>vice-reis<\/strong>. O primeiro a chegar foi <strong>Blasco N\u00fa\u00f1ez de Vela<\/strong>, que assumiu o cargo em 1544. Seu governo contou com o apoio da <strong>Real Audi\u00eancia de Lima<\/strong>, institui\u00e7\u00e3o respons\u00e1vel pela administra\u00e7\u00e3o da justi\u00e7a e pelo equil\u00edbrio pol\u00edtico.<\/p>\n\n\n\n<p>A partir de Lima, era dirigida a administra\u00e7\u00e3o de amplos territ\u00f3rios da Am\u00e9rica do Sul, incluindo as atuais regi\u00f5es do <strong>Peru, Equador, Bol\u00edvia, Col\u00f4mbia, Chile e Argentina<\/strong>. Esse sistema foi consolidado em 1569 com a chegada de <strong>Francisco de Toledo<\/strong>, que reorganizou a estrutura administrativa, regulamentou a arrecada\u00e7\u00e3o de tributos e refor\u00e7ou o controle do territ\u00f3rio.<\/p>\n\n\n\n<p>Com essas reformas, Lima ficou estabelecida como o <strong>principal centro pol\u00edtico e administrativo<\/strong> do vice-reino.<\/p>\n\n\n\n<h3 class=\"wp-block-heading\">Influ\u00eancia cultural e religiosa<\/h3>\n\n\n\n<figure class=\"wp-block-image size-full\"><img loading=\"lazy\" decoding=\"async\" width=\"788\" height=\"488\" src=\"https:\/\/freewalkingtoursperu.com\/wp-content\/uploads\/2026\/05\/Quien_fundo_Lima_y_por_que_fue_tan_importante_12.webp\" alt=\"\u00bfQuien fund\u00f3 Lima y por qu\u00e9 fue tan importante?\" class=\"wp-image-70439\" srcset=\"https:\/\/freewalkingtoursperu.com\/wp-content\/uploads\/2026\/05\/Quien_fundo_Lima_y_por_que_fue_tan_importante_12.webp 788w, https:\/\/freewalkingtoursperu.com\/wp-content\/uploads\/2026\/05\/Quien_fundo_Lima_y_por_que_fue_tan_importante_12-300x186.webp 300w, https:\/\/freewalkingtoursperu.com\/wp-content\/uploads\/2026\/05\/Quien_fundo_Lima_y_por_que_fue_tan_importante_12-150x93.webp 150w, https:\/\/freewalkingtoursperu.com\/wp-content\/uploads\/2026\/05\/Quien_fundo_Lima_y_por_que_fue_tan_importante_12-768x476.webp 768w\" sizes=\"auto, (max-width: 788px) 100vw, 788px\" \/><\/figure>\n\n\n\n<p>Durante o Vice-Reino do Peru, entre os s\u00e9culos <strong>XVI e XIX<\/strong>, a vida em Lima foi marcada pela organiza\u00e7\u00e3o da <strong>Igreja Cat\u00f3lica<\/strong>. A <strong>Arquidiocese<\/strong> de Lima exerceu um papel central na estrutura social e na <strong>administra\u00e7\u00e3o religiosa<\/strong> do territ\u00f3rio.<\/p>\n\n\n\n<p>A coroa espanhola manteve o controle sobre as institui\u00e7\u00f5es eclesi\u00e1sticas por meio do sistema do <strong>Padroado Real<\/strong>, o que permitiu integrar a religi\u00e3o ao funcionamento do governo. Nesse contexto, a educa\u00e7\u00e3o, a arte e as pr\u00e1ticas culturais se desenvolveram sob forte influ\u00eancia religiosa.<\/p>\n\n\n\n<p>Com o passar do tempo, essas tradi\u00e7\u00f5es se combinaram com os costumes locais. Esse processo deu origem a um <strong>sincretismo entre elementos andinos e europeus<\/strong>, vis\u00edvel em festividades, express\u00f5es art\u00edsticas e pr\u00e1ticas cotidianas que permaneceram ao longo do per\u00edodo vice-reinal.<\/p>\n\n\n\n<h3 class=\"wp-block-heading\">Crescimento urbano e arquitetura colonial<\/h3>\n\n\n\n<figure class=\"wp-block-image size-full\"><img loading=\"lazy\" decoding=\"async\" width=\"788\" height=\"489\" src=\"https:\/\/freewalkingtoursperu.com\/wp-content\/uploads\/2026\/05\/Quien_fundo_Lima_y_por_que_fue_tan_importante_4.webp\" alt=\"\u00bfQuien fund\u00f3 Lima y por qu\u00e9 fue tan importante?\" class=\"wp-image-70460\" srcset=\"https:\/\/freewalkingtoursperu.com\/wp-content\/uploads\/2026\/05\/Quien_fundo_Lima_y_por_que_fue_tan_importante_4.webp 788w, https:\/\/freewalkingtoursperu.com\/wp-content\/uploads\/2026\/05\/Quien_fundo_Lima_y_por_que_fue_tan_importante_4-300x186.webp 300w, https:\/\/freewalkingtoursperu.com\/wp-content\/uploads\/2026\/05\/Quien_fundo_Lima_y_por_que_fue_tan_importante_4-150x93.webp 150w, https:\/\/freewalkingtoursperu.com\/wp-content\/uploads\/2026\/05\/Quien_fundo_Lima_y_por_que_fue_tan_importante_4-768x477.webp 768w\" sizes=\"auto, (max-width: 788px) 100vw, 788px\" \/><\/figure>\n\n\n\n<p>Durante o Vice-Reino do Peru, Lima experimentou um <strong>crescimento urbano cont\u00ednuo<\/strong>. Desde sua funda\u00e7\u00e3o em 1535, a cidade foi planejada em <strong>formato de grade<\/strong>, seguindo as <strong>Leis das \u00cdndias<\/strong>, que regulavam a organiza\u00e7\u00e3o das cidades na Am\u00e9rica.<\/p>\n\n\n\n<p>O desenvolvimento concentrou-se ao redor da <strong>Plaza Mayor de Lima<\/strong>. Ali estavam localizadas as principais institui\u00e7\u00f5es do poder, como o <strong>Pal\u00e1cio do Governo<\/strong> do Peru, a <strong>Catedral de Lima<\/strong> e as resid\u00eancias dos grupos dirigentes. A partir desse n\u00facleo, a cidade se expandiu para novos bairros com fun\u00e7\u00f5es residenciais e comerciais.<\/p>\n\n\n\n<p>A arquitetura refletiu essa evolu\u00e7\u00e3o. Foram incorporados estilos europeus, como o <strong>renascentista<\/strong>, <strong>barroco<\/strong> e <strong>neocl\u00e1ssico<\/strong>, adaptados \u00e0s condi\u00e7\u00f5es locais. Igrejas e conventos cumpriam fun\u00e7\u00f5es religiosas, educacionais e sociais dentro do espa\u00e7o urbano.<\/p>\n\n\n\n<p>Na constru\u00e7\u00e3o, foram utilizados materiais como a <strong>quincha<\/strong> e o <strong>adobe<\/strong>, adequados para uma regi\u00e3o s\u00edsmica. Essas t\u00e9cnicas permitiram erguer estruturas mais flex\u00edveis diante dos frequentes movimentos s\u00edsmicos da regi\u00e3o.<\/p>\n\n\n\n<h3 class=\"wp-block-heading\">Import\u00e2ncia na Am\u00e9rica do Sul<\/h3>\n\n\n\n<p>Durante a \u00e9poca do Vice-Reino do Peru, especialmente entre os <strong>s\u00e9culos XVI e XVII<\/strong>, Lima consolidou-se como o principal centro do poder espanhol na Am\u00e9rica do Sul. A partir da cidade era administrado o controle de amplos territ\u00f3rios do continente, sob a autoridade do <strong>governo vice-reinal<\/strong> e da <strong>Real Audi\u00eancia de Lima<\/strong>.<\/p>\n\n\n\n<p>Sua import\u00e2ncia tamb\u00e9m foi definida pela economia. A prata extra\u00edda de <strong>Potos\u00ed<\/strong> impulsionou o crescimento de Lima e sua integra\u00e7\u00e3o \u00e0s rotas comerciais do imp\u00e9rio. Esses recursos eram transportados at\u00e9 a costa e embarcados rumo \u00e0 Europa atrav\u00e9s de <strong>Callao<\/strong>, que funcionava como a principal sa\u00edda do vice-reino.<\/p>\n\n\n\n<p>A partir dessa din\u00e2mica, Lima consolidou-se como centro pol\u00edtico e importante n\u00f3 comercial dentro do sistema colonial espanhol.<\/p>\n\n\n\n<h3 class=\"wp-block-heading\">Heran\u00e7a hist\u00f3rica e cultural<\/h3>\n\n\n\n<figure class=\"wp-block-image size-full\"><img loading=\"lazy\" decoding=\"async\" width=\"788\" height=\"489\" src=\"https:\/\/freewalkingtoursperu.com\/wp-content\/uploads\/2026\/05\/Quien_fundo_Lima_y_por_que_fue_tan_importante_6.webp\" alt=\"\u00bfQuien fund\u00f3 Lima y por qu\u00e9 fue tan importante?\" class=\"wp-image-70468\" srcset=\"https:\/\/freewalkingtoursperu.com\/wp-content\/uploads\/2026\/05\/Quien_fundo_Lima_y_por_que_fue_tan_importante_6.webp 788w, https:\/\/freewalkingtoursperu.com\/wp-content\/uploads\/2026\/05\/Quien_fundo_Lima_y_por_que_fue_tan_importante_6-300x186.webp 300w, https:\/\/freewalkingtoursperu.com\/wp-content\/uploads\/2026\/05\/Quien_fundo_Lima_y_por_que_fue_tan_importante_6-150x93.webp 150w, https:\/\/freewalkingtoursperu.com\/wp-content\/uploads\/2026\/05\/Quien_fundo_Lima_y_por_que_fue_tan_importante_6-768x477.webp 768w\" sizes=\"auto, (max-width: 788px) 100vw, 788px\" \/><\/figure>\n\n\n\n<p>A heran\u00e7a do <strong>Vice-Reino do Peru<\/strong> definiu a organiza\u00e7\u00e3o pol\u00edtica e cultural do territ\u00f3rio. Durante esse per\u00edodo, foi estabelecido um <strong>sistema colonial<\/strong> que integrou popula\u00e7\u00f5es ind\u00edgenas, europeias e africanas sob uma mesma estrutura administrativa.<\/p>\n\n\n\n<p>No plano institucional, o vice-reino introduziu mecanismos de governo que mais tarde influenciariam o per\u00edodo republicano. Institui\u00e7\u00f5es como os <strong>cabildos<\/strong>, as <strong>audi\u00eancias<\/strong> e os <strong>sistemas administrativos<\/strong> organizaram o controle do territ\u00f3rio e a <strong>administra\u00e7\u00e3o da justi\u00e7a<\/strong>.<\/p>\n\n\n\n<p>No campo cultural, esse processo deu origem \u00e0 <strong>mesti\u00e7agem<\/strong>. A combina\u00e7\u00e3o de tradi\u00e7\u00f5es se reflete na <strong>l\u00edngua<\/strong>, na <strong>gastronomia<\/strong> e nas pr\u00e1ticas do cotidiano. Nesse contexto, a religi\u00e3o cat\u00f3lica consolidou-se como eixo da vida social, integrada ao funcionamento pol\u00edtico por meio das estruturas coloniais.<\/p>\n\n\n\n<h2 class=\"wp-block-heading\">Lugares relacionados \u00e0 funda\u00e7\u00e3o de Lima<\/h2>\n\n\n\n<p>A funda\u00e7\u00e3o de Lima, liderada por Francisco Pizarro em 18 de janeiro de 1535, estabeleceu um <strong>n\u00facleo urbano<\/strong> destinado a concentrar o poder pol\u00edtico, religioso e administrativo do Vice-Reino do Peru. Esse espa\u00e7o inicial foi planejado seguindo um modelo organizado, com a <strong>pra\u00e7a central<\/strong> como eixo de estrutura\u00e7\u00e3o.<\/p>\n\n\n\n<p>A partir desse ponto, desenvolveram-se os principais edif\u00edcios e institui\u00e7\u00f5es que estruturaram a cidade durante o per\u00edodo colonial. Esses espa\u00e7os marcaram a <strong>expans\u00e3o urbana<\/strong> e definiram o funcionamento de Lima nos s\u00e9culos seguintes.<\/p>\n\n\n\n<p>A seguir, apresentamos alguns dos lugares mais representativos para entender a forma\u00e7\u00e3o hist\u00f3rica da cidade.<\/p>\n\n\n\n<h3 class=\"wp-block-heading\">Pra\u00e7a de Armas de Lima<\/h3>\n\n\n\n<figure class=\"wp-block-image size-full\"><img loading=\"lazy\" decoding=\"async\" width=\"788\" height=\"489\" src=\"https:\/\/freewalkingtoursperu.com\/wp-content\/uploads\/2026\/05\/Quien_fundo_Lima_y_por_que_fue_tan_importante_5.webp\" alt=\"\u00bfQuien fund\u00f3 Lima y por qu\u00e9 fue tan importante?\" class=\"wp-image-70464\" srcset=\"https:\/\/freewalkingtoursperu.com\/wp-content\/uploads\/2026\/05\/Quien_fundo_Lima_y_por_que_fue_tan_importante_5.webp 788w, https:\/\/freewalkingtoursperu.com\/wp-content\/uploads\/2026\/05\/Quien_fundo_Lima_y_por_que_fue_tan_importante_5-300x186.webp 300w, https:\/\/freewalkingtoursperu.com\/wp-content\/uploads\/2026\/05\/Quien_fundo_Lima_y_por_que_fue_tan_importante_5-150x93.webp 150w, https:\/\/freewalkingtoursperu.com\/wp-content\/uploads\/2026\/05\/Quien_fundo_Lima_y_por_que_fue_tan_importante_5-768x477.webp 768w\" sizes=\"auto, (max-width: 788px) 100vw, 788px\" \/><\/figure>\n\n\n\n<p>A <a href=\"https:\/\/freewalkingtoursperu.com\/pt-br\/blog\/praca-maior-de-lima-peru\/\" target=\"_blank\" rel=\"noreferrer noopener\">Pra\u00e7a de Armas de Lima<\/a>, tamb\u00e9m chamada de <strong>Plaza Mayor<\/strong>, \u00e9 o local onde a cidade foi fundada em <strong>1535<\/strong>. Desde sua origem, funcionou como o eixo do tra\u00e7ado urbano definido pelo <strong>modelo em grade<\/strong>.<\/p>\n\n\n\n<p>Ao redor da pra\u00e7a foram instaladas as principais institui\u00e7\u00f5es do poder colonial, como o <strong>governo<\/strong>, a <strong>igreja<\/strong> e as <strong>resid\u00eancias<\/strong> dos grupos dirigentes. Esse espa\u00e7o concentrou a <strong>administra\u00e7\u00e3o pol\u00edtica<\/strong> e a <strong>organiza\u00e7\u00e3o social<\/strong> durante o per\u00edodo vice-reinal.<\/p>\n\n\n\n<p>Com o passar do tempo, a pra\u00e7a manteve sua fun\u00e7\u00e3o central. At\u00e9 hoje, continua sendo o principal cen\u00e1rio de atos oficiais e acontecimentos p\u00fablicos da cidade.<\/p>\n\n\n\n<h3 class=\"wp-block-heading\">Catedral de Lima<\/h3>\n\n\n\n<figure class=\"wp-block-image size-full\"><img loading=\"lazy\" decoding=\"async\" width=\"788\" height=\"489\" src=\"https:\/\/freewalkingtoursperu.com\/wp-content\/uploads\/2026\/05\/Quien_fundo_Lima_y_por_que_fue_tan_importante_1.webp\" alt=\"\u00bfQuien fund\u00f3 Lima y por qu\u00e9 fue tan importante?\" class=\"wp-image-70448\" srcset=\"https:\/\/freewalkingtoursperu.com\/wp-content\/uploads\/2026\/05\/Quien_fundo_Lima_y_por_que_fue_tan_importante_1.webp 788w, https:\/\/freewalkingtoursperu.com\/wp-content\/uploads\/2026\/05\/Quien_fundo_Lima_y_por_que_fue_tan_importante_1-300x186.webp 300w, https:\/\/freewalkingtoursperu.com\/wp-content\/uploads\/2026\/05\/Quien_fundo_Lima_y_por_que_fue_tan_importante_1-150x93.webp 150w, https:\/\/freewalkingtoursperu.com\/wp-content\/uploads\/2026\/05\/Quien_fundo_Lima_y_por_que_fue_tan_importante_1-768x477.webp 768w\" sizes=\"auto, (max-width: 788px) 100vw, 788px\" \/><\/figure>\n\n\n\n<p>A <strong>Catedral de Lima<\/strong> foi constru\u00edda pouco depois da funda\u00e7\u00e3o da cidade em 1535, em um dos lados da <strong>Plaza Mayor<\/strong>. Desde ent\u00e3o, fez parte do n\u00facleo institucional que organizou o espa\u00e7o urbano durante o per\u00edodo colonial.<\/p>\n\n\n\n<p>Sua constru\u00e7\u00e3o ocorreu em etapas e foi sendo modificada ao longo do tempo, incorporando elementos dos estilos <strong>renascentista<\/strong>, <strong>barroco<\/strong> e <strong>neocl\u00e1ssico<\/strong>. Essas transforma\u00e7\u00f5es responderam tanto a mudan\u00e7as est\u00e9ticas quanto \u00e0s reconstru\u00e7\u00f5es ap\u00f3s os terremotos que afetaram a cidade.<\/p>\n\n\n\n<p>Al\u00e9m de sua fun\u00e7\u00e3o religiosa, a catedral participou do <strong>processo de evangeliza\u00e7\u00e3o<\/strong> promovido pela <strong>coroa espanhola<\/strong>. Em seu interior, s\u00e3o preservados espa\u00e7os e elementos ligados aos primeiros anos da presen\u00e7a espanhola, incluindo o <strong>t\u00famulo de Francisco Pizarro<\/strong>.<\/p>\n\n\n\n<h3 class=\"wp-block-heading\">Pal\u00e1cio do Governo do Peru<\/h3>\n\n\n\n<figure class=\"wp-block-image size-full\"><img loading=\"lazy\" decoding=\"async\" width=\"788\" height=\"489\" src=\"https:\/\/freewalkingtoursperu.com\/wp-content\/uploads\/2026\/05\/Quien_fundo_Lima_y_por_que_fue_tan_importante_3.webp\" alt=\"\u00bfQuien fund\u00f3 Lima y por qu\u00e9 fue tan importante?\" class=\"wp-image-70456\" srcset=\"https:\/\/freewalkingtoursperu.com\/wp-content\/uploads\/2026\/05\/Quien_fundo_Lima_y_por_que_fue_tan_importante_3.webp 788w, https:\/\/freewalkingtoursperu.com\/wp-content\/uploads\/2026\/05\/Quien_fundo_Lima_y_por_que_fue_tan_importante_3-300x186.webp 300w, https:\/\/freewalkingtoursperu.com\/wp-content\/uploads\/2026\/05\/Quien_fundo_Lima_y_por_que_fue_tan_importante_3-150x93.webp 150w, https:\/\/freewalkingtoursperu.com\/wp-content\/uploads\/2026\/05\/Quien_fundo_Lima_y_por_que_fue_tan_importante_3-768x477.webp 768w\" sizes=\"auto, (max-width: 788px) 100vw, 788px\" \/><\/figure>\n\n\n\n<p>O <a href=\"https:\/\/freewalkingtoursperu.com\/pt-br\/blog\/troca-da-guarda-lima-peru\/\" target=\"_blank\" rel=\"noreferrer noopener\">Pal\u00e1cio do Governo<\/a> do Peru foi constru\u00eddo no mesmo local onde Francisco Pizarro estabeleceu sua resid\u00eancia ap\u00f3s a funda\u00e7\u00e3o de Lima em 1535. Desde ent\u00e3o, esse espa\u00e7o ficou ligado ao exerc\u00edcio do <strong>poder pol\u00edtico<\/strong>.<\/p>\n\n\n\n<p>Durante o Vice-Reino do Peru, funcionou como <strong>sede dos vice-reis<\/strong>, que administravam o territ\u00f3rio em nome da coroa espanhola. A partir dali eram tomadas decis\u00f5es que afetavam grande parte da Am\u00e9rica do Sul.<\/p>\n\n\n\n<p>Atualmente, o pal\u00e1cio mant\u00e9m essa fun\u00e7\u00e3o como sede do <strong>Poder Executivo<\/strong>. Sua localiza\u00e7\u00e3o em frente \u00e0 Pra\u00e7a de Armas de Lima o integra ao n\u00facleo original a partir do qual a cidade foi organizada.<\/p>\n\n\n\n<h2 class=\"wp-block-heading\">Lima hoje: hist\u00f3ria viva para o turismo<\/h2>\n\n\n\n<p>O processo de conquista e organiza\u00e7\u00e3o colonial transformou o antigo territ\u00f3rio do <strong><em>\u201cBir\u00fa\u201d<\/em><\/strong> no Vice-Reino do Peru, estabelecendo <strong>novas estruturas pol\u00edticas<\/strong>, <strong>econ\u00f4micas<\/strong> e <strong>sociais<\/strong> a partir do s\u00e9culo XVI.<\/p>\n\n\n\n<p>Nesse contexto, Lima tornou-se o principal centro de poder. Desde sua funda\u00e7\u00e3o em 1535 como \u201cCidade dos Reis\u201d, concentrou as decis\u00f5es administrativas e o <strong>controle do territ\u00f3rio<\/strong>. Ao longo dos s\u00e9culos, foi palco dos principais acontecimentos da <a href=\"https:\/\/freewalkingtoursperu.com\/pt-br\/tours-lima\/city-tour-classico-pela-lima-colonial-e-moderna\/\" target=\"_blank\" rel=\"noreferrer noopener\">Lima colonial<\/a>. A seguir, apresentamos o <a href=\"https:\/\/freewalkingtoursperu.com\/pt-br\/blog\/centro-historico-lima-peru\/\" target=\"_blank\" rel=\"noreferrer noopener\">Centro Hist\u00f3rico de Lima<\/a>, um dos espa\u00e7os-chave para compreender esse per\u00edodo da cidade.<\/p>\n\n\n\n<h3 class=\"wp-block-heading\">Centro Hist\u00f3rico como atra\u00e7\u00e3o tur\u00edstica<\/h3>\n\n\n\n<figure class=\"wp-block-image size-full\"><img loading=\"lazy\" decoding=\"async\" width=\"788\" height=\"489\" src=\"https:\/\/freewalkingtoursperu.com\/wp-content\/uploads\/2026\/05\/Quien_fundo_Lima_y_por_que_fue_tan_importante_2.webp\" alt=\"\u00bfQuien fund\u00f3 Lima y por qu\u00e9 fue tan importante?\" class=\"wp-image-70452\" srcset=\"https:\/\/freewalkingtoursperu.com\/wp-content\/uploads\/2026\/05\/Quien_fundo_Lima_y_por_que_fue_tan_importante_2.webp 788w, https:\/\/freewalkingtoursperu.com\/wp-content\/uploads\/2026\/05\/Quien_fundo_Lima_y_por_que_fue_tan_importante_2-300x186.webp 300w, https:\/\/freewalkingtoursperu.com\/wp-content\/uploads\/2026\/05\/Quien_fundo_Lima_y_por_que_fue_tan_importante_2-150x93.webp 150w, https:\/\/freewalkingtoursperu.com\/wp-content\/uploads\/2026\/05\/Quien_fundo_Lima_y_por_que_fue_tan_importante_2-768x477.webp 768w\" sizes=\"auto, (max-width: 788px) 100vw, 788px\" \/><\/figure>\n\n\n\n<p>Para entender o que torna o <strong>Centro Hist\u00f3rico de Lima<\/strong> t\u00e3o especial, \u00e9 preciso observar suas diferentes camadas de hist\u00f3ria. Nesse espa\u00e7o convivem vest\u00edgios de ocupa\u00e7\u00f5es pr\u00e9-hisp\u00e2nicas \u2014 como as dos antigos <strong>Ychma<\/strong> \u2014 com o tra\u00e7ado urbano estabelecido ap\u00f3s a funda\u00e7\u00e3o espanhola no s\u00e9culo XVI.<\/p>\n\n\n\n<p>Esse conjunto foi declarado <strong>Patrim\u00f4nio da Humanidade pela UNESCO<\/strong> em <strong>1988<\/strong>, em reconhecimento ao seu valor hist\u00f3rico e urbano. Seu desenho em grade, definido desde 1535, organizou o crescimento da cidade e concentrou as principais institui\u00e7\u00f5es do poder colonial.<\/p>\n\n\n\n<p>Dentro desse n\u00facleo destacam-se espa\u00e7os como a <strong>Pra\u00e7a de Armas de Lima<\/strong>, a <strong>Catedral de Lima<\/strong> e o <strong>Pal\u00e1cio do Governo do Peru<\/strong>. Ao redor deles desenvolveram-se igrejas, conventos e casar\u00f5es que definiram a estrutura urbana durante o per\u00edodo vice-reinal.<\/p>\n\n\n\n<h3 class=\"wp-block-heading\">Experi\u00eancias como <em>walking tours<\/em><\/h3>\n\n\n\n<figure class=\"wp-block-image size-full\"><img loading=\"lazy\" decoding=\"async\" width=\"788\" height=\"689\" src=\"https:\/\/freewalkingtoursperu.com\/wp-content\/uploads\/2026\/05\/Quien_fundo_Lima_y_por_que_fue_tan_importante_13.webp\" alt=\"\u00bfQuien fund\u00f3 Lima y por qu\u00e9 fue tan importante?\" class=\"wp-image-70501\" srcset=\"https:\/\/freewalkingtoursperu.com\/wp-content\/uploads\/2026\/05\/Quien_fundo_Lima_y_por_que_fue_tan_importante_13.webp 788w, https:\/\/freewalkingtoursperu.com\/wp-content\/uploads\/2026\/05\/Quien_fundo_Lima_y_por_que_fue_tan_importante_13-300x262.webp 300w, https:\/\/freewalkingtoursperu.com\/wp-content\/uploads\/2026\/05\/Quien_fundo_Lima_y_por_que_fue_tan_importante_13-150x131.webp 150w, https:\/\/freewalkingtoursperu.com\/wp-content\/uploads\/2026\/05\/Quien_fundo_Lima_y_por_que_fue_tan_importante_13-768x672.webp 768w\" sizes=\"auto, (max-width: 788px) 100vw, 788px\" \/><\/figure>\n\n\n\n<p>Se voc\u00ea decidir explorar o Centro Hist\u00f3rico de Lima por conta pr\u00f3pria, poder\u00e1 seguir o tra\u00e7ado original da cidade, observar sua arquitetura e localizar os principais espa\u00e7os do per\u00edodo colonial. \u00c9 uma maneira direta de entender como Lima foi organizada <strong>desde sua funda\u00e7\u00e3o em 1535<\/strong>.<\/p>\n\n\n\n<p>Para uma visita guiada, os <em><a href=\"https:\/\/freewalkingtoursperu.com\/pt-br\/tours-lima\/free-tour-lima-centro-historico\/\" target=\"_blank\" rel=\"noreferrer noopener\">Free walking tours<\/a><\/em> oferecem uma vis\u00e3o mais detalhada do lugar. Com um guia, \u00e9 poss\u00edvel identificar ruas, edif\u00edcios e pontos-chave ligados \u00e0 origem da cidade e ao funcionamento do Vice-Reino do Peru. Esses passeios geralmente funcionam com um sistema de <strong>contribui\u00e7\u00e3o volunt\u00e1ria<\/strong> ao final da experi\u00eancia.<\/p>\n\n\n\n<p>Tamb\u00e9m existem op\u00e7\u00f5es com hor\u00e1rios espec\u00edficos, como passeios aos domingos, al\u00e9m de <a href=\"https:\/\/freewalkingtoursperu.com\/pt-br\/tours-lima\/passeios-privados-lima-a-pe\/\" target=\"_blank\" rel=\"noreferrer noopener\">servi\u00e7os privados<\/a> para quem busca uma experi\u00eancia mais personalizada dentro do mesmo circuito hist\u00f3rico.<\/p>\n","protected":false},"excerpt":{"rendered":"<p>Lima n\u00e3o \u00e9 apenas a capital do Peru; \u00e9 uma cidade onde cada rua sussurra hist\u00f3rias que te transportam aos primeiros dias da era colonial. Enquanto voc\u00ea caminha por suas pra\u00e7as e percorre suas ruas, \u00e9 inevit\u00e1vel se perguntar: quem esteve por tr\u00e1s de sua funda\u00e7\u00e3o e por que esse acontecimento mudou para sempre o [&hellip;]<\/p>\n","protected":false},"author":7,"featured_media":70487,"comment_status":"closed","ping_status":"closed","sticky":false,"template":"","format":"standard","meta":{"_acf_changed":false,"advgb_blocks_editor_width":"","advgb_blocks_columns_visual_guide":"","footnotes":""},"categories":[65],"tags":[],"class_list":["post-70565","post","type-post","status-publish","format-standard","has-post-thumbnail","hentry","category-lima"],"acf":[],"yoast_head":"<!-- This site is optimized with the Yoast SEO plugin v28.4 - https:\/\/yoast.com\/product\/yoast-seo-wordpress\/ -->\n<title>A Funda\u00e7\u00e3o de Lima: Hist\u00f3ria e Eventos que Moldaram o Peru<\/title>\n<meta name=\"description\" content=\"A Funda\u00e7\u00e3o de Lima: Hist\u00f3ria e Eventos que Moldaram o Peru. Fatos que muitos visitantes de Lima desconhecem. Descubra-os agora!\" \/>\n<meta name=\"robots\" content=\"index, follow, max-snippet:-1, max-image-preview:large, max-video-preview:-1\" \/>\n<link rel=\"canonical\" href=\"https:\/\/freewalkingtoursperu.com\/pt-br\/blog\/a-fundacao-de-lima-historia-eventos-peru\/\" \/>\n<meta property=\"og:locale\" content=\"pt_BR\" \/>\n<meta property=\"og:type\" content=\"article\" \/>\n<meta property=\"og:title\" content=\"A Funda\u00e7\u00e3o de Lima: Hist\u00f3ria e Eventos que Moldaram o Peru\" \/>\n<meta property=\"og:description\" content=\"A Funda\u00e7\u00e3o de Lima: Hist\u00f3ria e Eventos que Moldaram o Peru. Fatos que muitos visitantes de Lima desconhecem. Descubra-os agora!\" \/>\n<meta property=\"og:url\" content=\"https:\/\/freewalkingtoursperu.com\/pt-br\/blog\/a-fundacao-de-lima-historia-eventos-peru\/\" \/>\n<meta property=\"og:site_name\" content=\"Free Walking Tours Peru\" \/>\n<meta property=\"article:published_time\" content=\"2026-05-09T18:19:37+00:00\" \/>\n<meta property=\"article:modified_time\" content=\"2026-07-20T04:16:30+00:00\" \/>\n<meta property=\"og:image\" content=\"https:\/\/freewalkingtoursperu.com\/wp-content\/uploads\/2026\/05\/Quien_fundo_Lima_y_por_que_fue_tan_importante_10.webp\" \/>\n\t<meta property=\"og:image:width\" content=\"788\" \/>\n\t<meta property=\"og:image:height\" content=\"489\" \/>\n\t<meta property=\"og:image:type\" content=\"image\/webp\" \/>\n<meta name=\"author\" content=\"Michael\" \/>\n<meta name=\"twitter:card\" content=\"summary_large_image\" \/>\n<meta name=\"twitter:label1\" content=\"Escrito por\" \/>\n\t<meta name=\"twitter:data1\" content=\"Michael\" \/>\n\t<meta name=\"twitter:label2\" content=\"Est. tempo de leitura\" \/>\n\t<meta name=\"twitter:data2\" content=\"13 minutos\" \/>\n<script type=\"application\/ld+json\" class=\"yoast-schema-graph\">{\"@context\":\"https:\\\/\\\/schema.org\",\"@graph\":[{\"@type\":\"Article\",\"@id\":\"https:\\\/\\\/freewalkingtoursperu.com\\\/pt-br\\\/blog\\\/a-fundacao-de-lima-historia-eventos-peru\\\/#article\",\"isPartOf\":{\"@id\":\"https:\\\/\\\/freewalkingtoursperu.com\\\/pt-br\\\/blog\\\/a-fundacao-de-lima-historia-eventos-peru\\\/\"},\"author\":{\"name\":\"Michael\",\"@id\":\"https:\\\/\\\/freewalkingtoursperu.com\\\/pt-br\\\/#\\\/schema\\\/person\\\/140612b6810b92d6c9574052175078cb\"},\"headline\":\"Quem fundou Lima e por que ela foi t\u00e3o importante?\",\"datePublished\":\"2026-05-09T18:19:37+00:00\",\"dateModified\":\"2026-07-20T04:16:30+00:00\",\"mainEntityOfPage\":{\"@id\":\"https:\\\/\\\/freewalkingtoursperu.com\\\/pt-br\\\/blog\\\/a-fundacao-de-lima-historia-eventos-peru\\\/\"},\"wordCount\":2667,\"publisher\":{\"@id\":\"https:\\\/\\\/freewalkingtoursperu.com\\\/pt-br\\\/#organization\"},\"image\":{\"@id\":\"https:\\\/\\\/freewalkingtoursperu.com\\\/pt-br\\\/blog\\\/a-fundacao-de-lima-historia-eventos-peru\\\/#primaryimage\"},\"thumbnailUrl\":\"https:\\\/\\\/freewalkingtoursperu.com\\\/wp-content\\\/uploads\\\/2026\\\/05\\\/Quien_fundo_Lima_y_por_que_fue_tan_importante_10.webp\",\"articleSection\":[\"Lima\"],\"inLanguage\":\"pt-BR\"},{\"@type\":\"WebPage\",\"@id\":\"https:\\\/\\\/freewalkingtoursperu.com\\\/pt-br\\\/blog\\\/a-fundacao-de-lima-historia-eventos-peru\\\/\",\"url\":\"https:\\\/\\\/freewalkingtoursperu.com\\\/pt-br\\\/blog\\\/a-fundacao-de-lima-historia-eventos-peru\\\/\",\"name\":\"A Funda\u00e7\u00e3o de Lima: Hist\u00f3ria e Eventos que Moldaram o Peru\",\"isPartOf\":{\"@id\":\"https:\\\/\\\/freewalkingtoursperu.com\\\/pt-br\\\/#website\"},\"primaryImageOfPage\":{\"@id\":\"https:\\\/\\\/freewalkingtoursperu.com\\\/pt-br\\\/blog\\\/a-fundacao-de-lima-historia-eventos-peru\\\/#primaryimage\"},\"image\":{\"@id\":\"https:\\\/\\\/freewalkingtoursperu.com\\\/pt-br\\\/blog\\\/a-fundacao-de-lima-historia-eventos-peru\\\/#primaryimage\"},\"thumbnailUrl\":\"https:\\\/\\\/freewalkingtoursperu.com\\\/wp-content\\\/uploads\\\/2026\\\/05\\\/Quien_fundo_Lima_y_por_que_fue_tan_importante_10.webp\",\"datePublished\":\"2026-05-09T18:19:37+00:00\",\"dateModified\":\"2026-07-20T04:16:30+00:00\",\"description\":\"A Funda\u00e7\u00e3o de Lima: Hist\u00f3ria e Eventos que Moldaram o Peru. Fatos que muitos visitantes de Lima desconhecem. Descubra-os agora!\",\"breadcrumb\":{\"@id\":\"https:\\\/\\\/freewalkingtoursperu.com\\\/pt-br\\\/blog\\\/a-fundacao-de-lima-historia-eventos-peru\\\/#breadcrumb\"},\"inLanguage\":\"pt-BR\",\"potentialAction\":[{\"@type\":\"ReadAction\",\"target\":[\"https:\\\/\\\/freewalkingtoursperu.com\\\/pt-br\\\/blog\\\/a-fundacao-de-lima-historia-eventos-peru\\\/\"]}]},{\"@type\":\"ImageObject\",\"inLanguage\":\"pt-BR\",\"@id\":\"https:\\\/\\\/freewalkingtoursperu.com\\\/pt-br\\\/blog\\\/a-fundacao-de-lima-historia-eventos-peru\\\/#primaryimage\",\"url\":\"https:\\\/\\\/freewalkingtoursperu.com\\\/wp-content\\\/uploads\\\/2026\\\/05\\\/Quien_fundo_Lima_y_por_que_fue_tan_importante_10.webp\",\"contentUrl\":\"https:\\\/\\\/freewalkingtoursperu.com\\\/wp-content\\\/uploads\\\/2026\\\/05\\\/Quien_fundo_Lima_y_por_que_fue_tan_importante_10.webp\",\"width\":788,\"height\":489,\"caption\":\"\u00bfQuien fund\u00f3 Lima y por qu\u00e9 fue tan importante?\"},{\"@type\":\"BreadcrumbList\",\"@id\":\"https:\\\/\\\/freewalkingtoursperu.com\\\/pt-br\\\/blog\\\/a-fundacao-de-lima-historia-eventos-peru\\\/#breadcrumb\",\"itemListElement\":[{\"@type\":\"ListItem\",\"position\":1,\"name\":\"Home\",\"item\":\"https:\\\/\\\/freewalkingtoursperu.com\\\/pt-br\\\/\"},{\"@type\":\"ListItem\",\"position\":2,\"name\":\"Lima\",\"item\":\"https:\\\/\\\/freewalkingtoursperu.com\\\/pt-br\\\/blog\\\/category\\\/lima\\\/\"},{\"@type\":\"ListItem\",\"position\":3,\"name\":\"Quem fundou Lima e por que ela foi t\u00e3o importante?\"}]},{\"@type\":\"WebSite\",\"@id\":\"https:\\\/\\\/freewalkingtoursperu.com\\\/pt-br\\\/#website\",\"url\":\"https:\\\/\\\/freewalkingtoursperu.com\\\/pt-br\\\/\",\"name\":\"Free Walking Tours Peru\",\"description\":\"\",\"publisher\":{\"@id\":\"https:\\\/\\\/freewalkingtoursperu.com\\\/pt-br\\\/#organization\"},\"potentialAction\":[{\"@type\":\"SearchAction\",\"target\":{\"@type\":\"EntryPoint\",\"urlTemplate\":\"https:\\\/\\\/freewalkingtoursperu.com\\\/pt-br\\\/?s={search_term_string}\"},\"query-input\":{\"@type\":\"PropertyValueSpecification\",\"valueRequired\":true,\"valueName\":\"search_term_string\"}}],\"inLanguage\":\"pt-BR\"},{\"@type\":\"Organization\",\"@id\":\"https:\\\/\\\/freewalkingtoursperu.com\\\/pt-br\\\/#organization\",\"name\":\"Free Walking Tours Peru\",\"url\":\"https:\\\/\\\/freewalkingtoursperu.com\\\/pt-br\\\/\",\"logo\":{\"@type\":\"ImageObject\",\"inLanguage\":\"pt-BR\",\"@id\":\"https:\\\/\\\/freewalkingtoursperu.com\\\/pt-br\\\/#\\\/schema\\\/logo\\\/image\\\/\",\"url\":\"https:\\\/\\\/freewalkingtoursperu.com\\\/wp-content\\\/uploads\\\/2026\\\/02\\\/logo-freeorg.svg\",\"contentUrl\":\"https:\\\/\\\/freewalkingtoursperu.com\\\/wp-content\\\/uploads\\\/2026\\\/02\\\/logo-freeorg.svg\",\"caption\":\"Free Walking Tours Peru\"},\"image\":{\"@id\":\"https:\\\/\\\/freewalkingtoursperu.com\\\/pt-br\\\/#\\\/schema\\\/logo\\\/image\\\/\"}},{\"@type\":\"Person\",\"@id\":\"https:\\\/\\\/freewalkingtoursperu.com\\\/pt-br\\\/#\\\/schema\\\/person\\\/140612b6810b92d6c9574052175078cb\",\"name\":\"Michael\",\"url\":\"https:\\\/\\\/freewalkingtoursperu.com\\\/pt-br\\\/blog\\\/author\\\/michael\\\/\"}]}<\/script>\n<!-- \/ Yoast SEO plugin. -->","yoast_head_json":{"title":"A Funda\u00e7\u00e3o de Lima: Hist\u00f3ria e Eventos que Moldaram o Peru","description":"A Funda\u00e7\u00e3o de Lima: Hist\u00f3ria e Eventos que Moldaram o Peru. Fatos que muitos visitantes de Lima desconhecem. Descubra-os agora!","robots":{"index":"index","follow":"follow","max-snippet":"max-snippet:-1","max-image-preview":"max-image-preview:large","max-video-preview":"max-video-preview:-1"},"canonical":"https:\/\/freewalkingtoursperu.com\/pt-br\/blog\/a-fundacao-de-lima-historia-eventos-peru\/","og_locale":"pt_BR","og_type":"article","og_title":"A Funda\u00e7\u00e3o de Lima: Hist\u00f3ria e Eventos que Moldaram o Peru","og_description":"A Funda\u00e7\u00e3o de Lima: Hist\u00f3ria e Eventos que Moldaram o Peru. Fatos que muitos visitantes de Lima desconhecem. Descubra-os agora!","og_url":"https:\/\/freewalkingtoursperu.com\/pt-br\/blog\/a-fundacao-de-lima-historia-eventos-peru\/","og_site_name":"Free Walking Tours Peru","article_published_time":"2026-05-09T18:19:37+00:00","article_modified_time":"2026-07-20T04:16:30+00:00","og_image":[{"width":788,"height":489,"url":"https:\/\/freewalkingtoursperu.com\/wp-content\/uploads\/2026\/05\/Quien_fundo_Lima_y_por_que_fue_tan_importante_10.webp","type":"image\/webp"}],"author":"Michael","twitter_card":"summary_large_image","twitter_misc":{"Escrito por":"Michael","Est. tempo de leitura":"13 minutos"},"schema":{"@context":"https:\/\/schema.org","@graph":[{"@type":"Article","@id":"https:\/\/freewalkingtoursperu.com\/pt-br\/blog\/a-fundacao-de-lima-historia-eventos-peru\/#article","isPartOf":{"@id":"https:\/\/freewalkingtoursperu.com\/pt-br\/blog\/a-fundacao-de-lima-historia-eventos-peru\/"},"author":{"name":"Michael","@id":"https:\/\/freewalkingtoursperu.com\/pt-br\/#\/schema\/person\/140612b6810b92d6c9574052175078cb"},"headline":"Quem fundou Lima e por que ela foi t\u00e3o importante?","datePublished":"2026-05-09T18:19:37+00:00","dateModified":"2026-07-20T04:16:30+00:00","mainEntityOfPage":{"@id":"https:\/\/freewalkingtoursperu.com\/pt-br\/blog\/a-fundacao-de-lima-historia-eventos-peru\/"},"wordCount":2667,"publisher":{"@id":"https:\/\/freewalkingtoursperu.com\/pt-br\/#organization"},"image":{"@id":"https:\/\/freewalkingtoursperu.com\/pt-br\/blog\/a-fundacao-de-lima-historia-eventos-peru\/#primaryimage"},"thumbnailUrl":"https:\/\/freewalkingtoursperu.com\/wp-content\/uploads\/2026\/05\/Quien_fundo_Lima_y_por_que_fue_tan_importante_10.webp","articleSection":["Lima"],"inLanguage":"pt-BR"},{"@type":"WebPage","@id":"https:\/\/freewalkingtoursperu.com\/pt-br\/blog\/a-fundacao-de-lima-historia-eventos-peru\/","url":"https:\/\/freewalkingtoursperu.com\/pt-br\/blog\/a-fundacao-de-lima-historia-eventos-peru\/","name":"A Funda\u00e7\u00e3o de Lima: Hist\u00f3ria e Eventos que Moldaram o Peru","isPartOf":{"@id":"https:\/\/freewalkingtoursperu.com\/pt-br\/#website"},"primaryImageOfPage":{"@id":"https:\/\/freewalkingtoursperu.com\/pt-br\/blog\/a-fundacao-de-lima-historia-eventos-peru\/#primaryimage"},"image":{"@id":"https:\/\/freewalkingtoursperu.com\/pt-br\/blog\/a-fundacao-de-lima-historia-eventos-peru\/#primaryimage"},"thumbnailUrl":"https:\/\/freewalkingtoursperu.com\/wp-content\/uploads\/2026\/05\/Quien_fundo_Lima_y_por_que_fue_tan_importante_10.webp","datePublished":"2026-05-09T18:19:37+00:00","dateModified":"2026-07-20T04:16:30+00:00","description":"A Funda\u00e7\u00e3o de Lima: Hist\u00f3ria e Eventos que Moldaram o Peru. Fatos que muitos visitantes de Lima desconhecem. Descubra-os agora!","breadcrumb":{"@id":"https:\/\/freewalkingtoursperu.com\/pt-br\/blog\/a-fundacao-de-lima-historia-eventos-peru\/#breadcrumb"},"inLanguage":"pt-BR","potentialAction":[{"@type":"ReadAction","target":["https:\/\/freewalkingtoursperu.com\/pt-br\/blog\/a-fundacao-de-lima-historia-eventos-peru\/"]}]},{"@type":"ImageObject","inLanguage":"pt-BR","@id":"https:\/\/freewalkingtoursperu.com\/pt-br\/blog\/a-fundacao-de-lima-historia-eventos-peru\/#primaryimage","url":"https:\/\/freewalkingtoursperu.com\/wp-content\/uploads\/2026\/05\/Quien_fundo_Lima_y_por_que_fue_tan_importante_10.webp","contentUrl":"https:\/\/freewalkingtoursperu.com\/wp-content\/uploads\/2026\/05\/Quien_fundo_Lima_y_por_que_fue_tan_importante_10.webp","width":788,"height":489,"caption":"\u00bfQuien fund\u00f3 Lima y por qu\u00e9 fue tan importante?"},{"@type":"BreadcrumbList","@id":"https:\/\/freewalkingtoursperu.com\/pt-br\/blog\/a-fundacao-de-lima-historia-eventos-peru\/#breadcrumb","itemListElement":[{"@type":"ListItem","position":1,"name":"Home","item":"https:\/\/freewalkingtoursperu.com\/pt-br\/"},{"@type":"ListItem","position":2,"name":"Lima","item":"https:\/\/freewalkingtoursperu.com\/pt-br\/blog\/category\/lima\/"},{"@type":"ListItem","position":3,"name":"Quem fundou Lima e por que ela foi t\u00e3o importante?"}]},{"@type":"WebSite","@id":"https:\/\/freewalkingtoursperu.com\/pt-br\/#website","url":"https:\/\/freewalkingtoursperu.com\/pt-br\/","name":"Free Walking Tours Peru","description":"","publisher":{"@id":"https:\/\/freewalkingtoursperu.com\/pt-br\/#organization"},"potentialAction":[{"@type":"SearchAction","target":{"@type":"EntryPoint","urlTemplate":"https:\/\/freewalkingtoursperu.com\/pt-br\/?s={search_term_string}"},"query-input":{"@type":"PropertyValueSpecification","valueRequired":true,"valueName":"search_term_string"}}],"inLanguage":"pt-BR"},{"@type":"Organization","@id":"https:\/\/freewalkingtoursperu.com\/pt-br\/#organization","name":"Free Walking Tours Peru","url":"https:\/\/freewalkingtoursperu.com\/pt-br\/","logo":{"@type":"ImageObject","inLanguage":"pt-BR","@id":"https:\/\/freewalkingtoursperu.com\/pt-br\/#\/schema\/logo\/image\/","url":"https:\/\/freewalkingtoursperu.com\/wp-content\/uploads\/2026\/02\/logo-freeorg.svg","contentUrl":"https:\/\/freewalkingtoursperu.com\/wp-content\/uploads\/2026\/02\/logo-freeorg.svg","caption":"Free Walking Tours Peru"},"image":{"@id":"https:\/\/freewalkingtoursperu.com\/pt-br\/#\/schema\/logo\/image\/"}},{"@type":"Person","@id":"https:\/\/freewalkingtoursperu.com\/pt-br\/#\/schema\/person\/140612b6810b92d6c9574052175078cb","name":"Michael","url":"https:\/\/freewalkingtoursperu.com\/pt-br\/blog\/author\/michael\/"}]}},"author_meta":{"display_name":"Michael","author_link":"https:\/\/freewalkingtoursperu.com\/pt-br\/blog\/author\/michael\/"},"featured_img":"https:\/\/freewalkingtoursperu.com\/wp-content\/uploads\/2026\/05\/Quien_fundo_Lima_y_por_que_fue_tan_importante_10-300x186.webp","coauthors":[],"tax_additional":{"categories":{"linked":["<a href=\"https:\/\/freewalkingtoursperu.com\/pt-br\/blog\/category\/lima\/\" class=\"advgb-post-tax-term\">Lima<\/a>"],"unlinked":["<span class=\"advgb-post-tax-term\">Lima<\/span>"]}},"comment_count":"0","relative_dates":{"created":"Publicado 4 meses atr\u00e1s","modified":"Atualizado 2 meses atr\u00e1s"},"absolute_dates":{"created":"Publicado em 9 maio, 2026","modified":"Atualizado em 19 julho, 2026"},"absolute_dates_time":{"created":"Publicado em 9 maio, 2026 1:19 pm","modified":"Atualizado em 19 julho, 2026 11:16 pm"},"featured_img_caption":"","series_order":"","_links":{"self":[{"href":"https:\/\/freewalkingtoursperu.com\/pt-br\/wp-json\/wp\/v2\/posts\/70565","targetHints":{"allow":["GET"]}}],"collection":[{"href":"https:\/\/freewalkingtoursperu.com\/pt-br\/wp-json\/wp\/v2\/posts"}],"about":[{"href":"https:\/\/freewalkingtoursperu.com\/pt-br\/wp-json\/wp\/v2\/types\/post"}],"author":[{"embeddable":true,"href":"https:\/\/freewalkingtoursperu.com\/pt-br\/wp-json\/wp\/v2\/users\/7"}],"replies":[{"embeddable":true,"href":"https:\/\/freewalkingtoursperu.com\/pt-br\/wp-json\/wp\/v2\/comments?post=70565"}],"version-history":[{"count":1,"href":"https:\/\/freewalkingtoursperu.com\/pt-br\/wp-json\/wp\/v2\/posts\/70565\/revisions"}],"predecessor-version":[{"id":72121,"href":"https:\/\/freewalkingtoursperu.com\/pt-br\/wp-json\/wp\/v2\/posts\/70565\/revisions\/72121"}],"wp:featuredmedia":[{"embeddable":true,"href":"https:\/\/freewalkingtoursperu.com\/pt-br\/wp-json\/wp\/v2\/media\/70487"}],"wp:attachment":[{"href":"https:\/\/freewalkingtoursperu.com\/pt-br\/wp-json\/wp\/v2\/media?parent=70565"}],"wp:term":[{"taxonomy":"category","embeddable":true,"href":"https:\/\/freewalkingtoursperu.com\/pt-br\/wp-json\/wp\/v2\/categories?post=70565"},{"taxonomy":"post_tag","embeddable":true,"href":"https:\/\/freewalkingtoursperu.com\/pt-br\/wp-json\/wp\/v2\/tags?post=70565"}],"curies":[{"name":"wp","href":"https:\/\/api.w.org\/{rel}","templated":true}]}}